"\n<\/p>\n\n\n\n<\/a>Povodom 1. marta Svjetskog dana civilne za\u0161tite, op\u0161tinski \u0161tab za vanredne situacije op\u0161tine Tutin odr\u017eao je sve\u010danu sjednicu. Na sjednici je predstavljena va\u017enost civilne \u017eastite kao i postignuti rezultati.<\/p>\n\n\n\n\nhttps:\/\/youtu.be\/8urnxQKkGfA\n<\/div><\/figure>\n"